{"id":5416,"date":"2019-11-20T14:08:11","date_gmt":"2019-11-20T13:08:11","guid":{"rendered":"https:\/\/www.langerit.fr\/?p=5416"},"modified":"2024-09-03T11:40:33","modified_gmt":"2024-09-03T09:40:33","slug":"pourquoi-jai-choisi-le-bambou","status":"publish","type":"post","link":"https:\/\/langerit.fr\/index.php\/2019\/11\/20\/pourquoi-jai-choisi-le-bambou\/","title":{"rendered":"Pourquoi j&rsquo;ai choisi le bambou?"},"content":{"rendered":"\n<figure class=\"wp-block-image size-large\"><img decoding=\"async\" src=\"https:\/\/www.langerit.fr\/wp-content\/uploads\/2019\/11\/F100008888-1-1024x683.jpg\" alt=\"\" class=\"wp-image-5418\"\/><\/figure>\n\n\n\n<p> Quand j\u2019ai commenc\u00e9 \u00e0 fabriquer des culottes pour les r\u00e8gles ou les fuites urinaires, j\u2019ai cherch\u00e9 pendant des mois un tissu, bio, doux et (tr\u00e8s) absorbant, \u00e0 partir d\u2019une fibre naturelle cultiv\u00e9e en Europe (pour ne pas restreindre \u00e0 la France), puis fil\u00e9e et tiss\u00e9e en Europe, avant d\u2019\u00eatre int\u00e9gr\u00e9e \u00e0 un v\u00eatement en France. Et bien ma conclusion c\u2019est que \u00e7a s\u2019appelle une LICORNE\u00a0!\u00a0 <br> Alors oui, il existe quelques utopistes entreprenants qui cherchent \u00e0 restaurer une industrie textile fran\u00e7aise, notamment \u00e0 partir du lin et du chanvre, mais \u00e7a va encore leur prendre 10 ans, et je suis \u00e7a de pr\u00e8s\u00a0\ud83d\ude09<br><br> En ce moment, il y a des pol\u00e9miques sur le bambou qui ne serait pas \u00ab\u00a0\u00e9colo\u00a0\u00bb circule sur Internet. Comme dans cet article\u00a0:<br><a href=\"https:\/\/www.neonmag.fr\/non-le-bambou-nest-pas-un-materiau-si-ecolo-que-ca-il-peut-meme-etre-tres-polluant-535658.html\">https:\/\/www.neonmag.fr\/non-le-bambou-nest-pas-un-materiau-si-ecolo-que-ca-il-peut-meme-etre-tres-polluant-535658.html<\/a><br><br> Perso, pour mes culottes, j\u2019ai choisi le bambou. Non seulement j\u2019assume, mais je vous explique pourquoi\u00a0le bambou et pas les alternatives utilis\u00e9es ailleurs.<\/p>\n\n\n\n<h4 class=\"has-text-align-center wp-block-heading\"><strong>Le Bambou c\u2019est quoi\u00a0?<\/strong><\/h4>\n\n\n\n<p> Le bambou est un v\u00e9g\u00e9tal originaire d\u2019Asie, qui appartient \u00e0 la famille des <a href=\"https:\/\/fr.m.wikipedia.org\/wiki\/Poaceae\">Poaceae<\/a><em>\u00a0 <\/em>c\u2019est-\u00e0-dire qu\u2019il s\u2019agit d\u2019une plante de type gramin\u00e9e, qui pousse comme du chiendent (europ\u00e9en), et le chiendent c\u2019est aussi\u2026. une Poaceae\u00a0!<br> Bref \u00e7a pousse tout seul, c\u2019est m\u00eame plut\u00f4t envahissant, \u00e7a demande pas d\u2019entretien (\u00e0 part \u00e9viter qu\u2019il n\u2019envahisse le voisinage) et c\u2019est utilis\u00e9 par l\u2019\u00eatre humain depuis le N\u00e9olithique. <br> (<a href=\"https:\/\/fr.wikipedia.org\/wiki\/Bambou\">https:\/\/fr.wikipedia.org\/wiki\/Bambou<\/a>) <br><br> On peut m\u00eame le manger\u00a0: <a href=\"http:\/\/recetteschinoises.blogspot.com\/2016\/04\/raviolis-aux-ciboulettes-et-pousses-de.html\">http:\/\/recetteschinoises.blogspot.com\/2016\/04\/raviolis-aux-ciboulettes-et-pousses-de.html<\/a><br><br><strong>Pour info\u00a0:<\/strong><br> a- L\u2019<strong>Eucalyptus<\/strong> est un arbre, originaire d\u2019Australie, et seul le koala poss\u00e8de les enzymes n\u00e9cessaires pour le dig\u00e9rer. \u00a0Il est transform\u00e9 en fibre textile par le m\u00eame proc\u00e9d\u00e9 que le bambou.<br> M\u00eame si il pousse vite pour un arbre, c\u2019est plus d\u00e9licat et surtout il consomme beaucoup d\u2019eau. Et en \u00e9tant capable d\u2019ass\u00e9cher des marais entiers, il augmente la probabilit\u00e9 de feux de for\u00eat. De plus, il se transforme tr\u00e8s mal en biomasse (biod\u00e9gradabilit\u00e9). <br> En termes de bilan carbone\/transport, on est dans les m\u00eames rapports que le bambou.<br> (<a href=\"https:\/\/fr.wikipedia.org\/wiki\/Eucalyptus\">https:\/\/fr.wikipedia.org\/wiki\/Eucalyptus<\/a>) <br><br> b- Tous les tissus absorbants qui utilisent le terme de \u00ab\u00a0<strong>tissu technique<\/strong>\u00a0\u00bb contiennent entre 50% et 100% de mati\u00e8res synth\u00e9tiques (polyester le plus souvent), donc issues du p\u00e9trole. C\u2019est pas cher, c\u2019est tr\u00e8s absorbant, mais ce sont des fibres synth\u00e9tiques. Et l\u00e0, je vous invite \u00e0 questionner avec un peu plus de vigilance leurs fabricants.<\/p>\n\n\n\n<h4 class=\"has-text-align-center wp-block-heading\"><strong>\u00ab\u00a0Oui mais dans l\u2019article ils disent qu\u2019on utilise des produits chimiques pour le textile de bambou.\u00a0\u00bb<\/strong><\/h4>\n\n\n\n<p>C\u2019est parfaitement exact, pour rendre la fibre \u00e0 la fois douce et absorbante, on utilise des produits chimiques, notamment la lessive de soude (comme pour la fabrication des savons par saponification \u00e0 froid artisanaux), pour acc\u00e9l\u00e9rer la d\u00e9composition de la fibre et qu\u2019elle soit plus douce.<br><br> <strong>MAIS<\/strong> c\u2019est exactement le m\u00eame proc\u00e9d\u00e9 qui est utilis\u00e9 pour toutes les mati\u00e8res viscoses, comme la viscose d\u2019Eucalyptus (Tencel), ou la viscose de chanvre voire de coton (eh oui, le coton aussi) ou la transformation cellulosique comme\u2026. le papier toilette, l\u2019essuie-tout ou les mouchoirs en papier que vous utilisez tous les jours. Et encore pour ces derniers, \u00e7a doit \u00eatre pire, parce qu\u2019ils ne se d\u00e9font m\u00eame plus quand on les passe accidentellement dans la machine \u00e0 laver. <br>Je vous laisse enqu\u00eater vous-m\u00eame sur ce dernier sujet, il y a longtemps que je suis revenue au bon vieux mouchoir en tissu.<br> <br> En ce qui concerne le chanvre, quand il n\u2019est pas trait\u00e9 sous forme de fil viscose, il doit subir une \u00e9tape relativement longue de rouissage. (<a href=\"https:\/\/fr.wikipedia.org\/wiki\/Rouissage\">https:\/\/fr.wikipedia.org\/wiki\/Rouissage<\/a>) <br> Le tissu qui en r\u00e9sulte est tr\u00e8s abrasif, au point de casser les aiguilles des machines \u00e0 tisser, et des machines \u00e0 coudre, m\u00eame industrielles, je le sais, j\u2019ai test\u00e9\u00a0!<\/p>\n\n\n\n<h4 class=\"has-text-align-center wp-block-heading\"><strong>\u00ab\u00a0Ok\u00a0! Mais ton tissu de bambou il vient d\u2019o\u00f9\u00a0?\u00a0\u00bb<\/strong><\/h4>\n\n\n\n<p>Je l\u2019ach\u00e8te \u00e0 un grossiste fran\u00e7ais s\u00e9rieux. Il a \u00e9t\u00e9 tiss\u00e9 en Turquie, dans une usine sp\u00e9cialis\u00e9e dans les tissus de pu\u00e9riculture, donc tr\u00e8s exigeants c\u00f4t\u00e9 normes, \u00e0 partir de fils en provenance de Chine. Il est certifi\u00e9 Oekotex-100 classe 1, ce qui garantit l&rsquo;absence de produits toxiques pour la peau selon le niveau d&rsquo;exigence requis pour la pu\u00e9riculture.<\/p>\n\n\n\n<p>Pour moi le\nbambou, certifi\u00e9 Oekotex-100 classe 1, reste le meilleur compromis,\naujourd\u2019hui, entre grande absorption, durabilit\u00e9, et culture raisonn\u00e9e, m\u00eame si\nle bilan carbone et chimique reste \u00e0 am\u00e9liorer. <\/p>\n\n\n\n<p>Je vous\npromets d\u2019utiliser une mati\u00e8re \u00ab&nbsp;licorne&nbsp;\u00bb (voir mon paragraphe d\u2019introduction)\nd\u00e8s que je mettrai la main dessus.&nbsp;\ud83d\ude00<\/p>\n","protected":false},"excerpt":{"rendered":"<p>Quand j\u2019ai commenc\u00e9 \u00e0 fabriquer des culottes pour les r\u00e8gles ou les fuites urinaires, j\u2019ai cherch\u00e9 pendant des mois un tissu, bio, doux et (tr\u00e8s) absorbant, \u00e0 partir d\u2019une fibre naturelle cultiv\u00e9e en Europe (pour ne pas restreindre \u00e0 la France), puis fil\u00e9e et tiss\u00e9e en Europe, avant d\u2019\u00eatre int\u00e9gr\u00e9e \u00e0 un v\u00eatement en France. [&hellip;]<\/p>\n","protected":false},"author":1,"featured_media":0,"comment_status":"closed","ping_status":"closed","sticky":false,"template":"","format":"standard","meta":{"footnotes":""},"categories":[1],"tags":[],"class_list":["post-5416","post","type-post","status-publish","format-standard","hentry","category-non-classe"],"yoast_head":"<!-- This site is optimized with the Yoast SEO plugin v27.3 - https:\/\/yoast.com\/product\/yoast-seo-wordpress\/ -->\n<title>Pourquoi j&#039;ai choisi le bambou? - L&#039;Ange rit<\/title>\n<meta name=\"robots\" content=\"index, follow, max-snippet:-1, max-image-preview:large, max-video-preview:-1\" \/>\n<link rel=\"canonical\" href=\"https:\/\/langerit.fr\/index.php\/2019\/11\/20\/pourquoi-jai-choisi-le-bambou\/\" \/>\n<meta property=\"og:locale\" content=\"fr_FR\" \/>\n<meta property=\"og:type\" content=\"article\" \/>\n<meta property=\"og:title\" content=\"Pourquoi j&#039;ai choisi le bambou? - L&#039;Ange rit\" \/>\n<meta property=\"og:description\" content=\"Quand j\u2019ai commenc\u00e9 \u00e0 fabriquer des culottes pour les r\u00e8gles ou les fuites urinaires, j\u2019ai cherch\u00e9 pendant des mois un tissu, bio, doux et (tr\u00e8s) absorbant, \u00e0 partir d\u2019une fibre naturelle cultiv\u00e9e en Europe (pour ne pas restreindre \u00e0 la France), puis fil\u00e9e et tiss\u00e9e en Europe, avant d\u2019\u00eatre int\u00e9gr\u00e9e \u00e0 un v\u00eatement en France. [&hellip;]\" \/>\n<meta property=\"og:url\" content=\"https:\/\/langerit.fr\/index.php\/2019\/11\/20\/pourquoi-jai-choisi-le-bambou\/\" \/>\n<meta property=\"og:site_name\" content=\"L&#039;Ange rit\" \/>\n<meta property=\"article:publisher\" content=\"https:\/\/facebook.com\/langerit.confort\/\" \/>\n<meta property=\"article:published_time\" content=\"2019-11-20T13:08:11+00:00\" \/>\n<meta property=\"article:modified_time\" content=\"2024-09-03T09:40:33+00:00\" \/>\n<meta property=\"og:image\" content=\"https:\/\/www.langerit.fr\/wp-content\/uploads\/2019\/11\/F100008888-1-1024x683.jpg\" \/>\n<meta name=\"author\" content=\"L&#039;Ange rit\" \/>\n<meta name=\"twitter:card\" content=\"summary_large_image\" \/>\n<meta name=\"twitter:label1\" content=\"\u00c9crit par\" \/>\n\t<meta name=\"twitter:data1\" content=\"L&#039;Ange rit\" \/>\n\t<meta name=\"twitter:label2\" content=\"Dur\u00e9e de lecture estim\u00e9e\" \/>\n\t<meta name=\"twitter:data2\" content=\"4 minutes\" \/>\n<script type=\"application\/ld+json\" class=\"yoast-schema-graph\">{\"@context\":\"https:\\\/\\\/schema.org\",\"@graph\":[{\"@type\":\"Article\",\"@id\":\"https:\\\/\\\/langerit.fr\\\/index.php\\\/2019\\\/11\\\/20\\\/pourquoi-jai-choisi-le-bambou\\\/#article\",\"isPartOf\":{\"@id\":\"https:\\\/\\\/langerit.fr\\\/index.php\\\/2019\\\/11\\\/20\\\/pourquoi-jai-choisi-le-bambou\\\/\"},\"author\":{\"name\":\"L'Ange rit\",\"@id\":\"https:\\\/\\\/langerit.fr\\\/#\\\/schema\\\/person\\\/11990c4561360ce5803dd232ffd86e71\"},\"headline\":\"Pourquoi j&rsquo;ai choisi le bambou?\",\"datePublished\":\"2019-11-20T13:08:11+00:00\",\"dateModified\":\"2024-09-03T09:40:33+00:00\",\"mainEntityOfPage\":{\"@id\":\"https:\\\/\\\/langerit.fr\\\/index.php\\\/2019\\\/11\\\/20\\\/pourquoi-jai-choisi-le-bambou\\\/\"},\"wordCount\":831,\"publisher\":{\"@id\":\"https:\\\/\\\/langerit.fr\\\/#organization\"},\"image\":{\"@id\":\"https:\\\/\\\/langerit.fr\\\/index.php\\\/2019\\\/11\\\/20\\\/pourquoi-jai-choisi-le-bambou\\\/#primaryimage\"},\"thumbnailUrl\":\"https:\\\/\\\/www.langerit.fr\\\/wp-content\\\/uploads\\\/2019\\\/11\\\/F100008888-1-1024x683.jpg\",\"inLanguage\":\"fr-FR\"},{\"@type\":\"WebPage\",\"@id\":\"https:\\\/\\\/langerit.fr\\\/index.php\\\/2019\\\/11\\\/20\\\/pourquoi-jai-choisi-le-bambou\\\/\",\"url\":\"https:\\\/\\\/langerit.fr\\\/index.php\\\/2019\\\/11\\\/20\\\/pourquoi-jai-choisi-le-bambou\\\/\",\"name\":\"Pourquoi j'ai choisi le bambou? - L&#039;Ange rit\",\"isPartOf\":{\"@id\":\"https:\\\/\\\/langerit.fr\\\/#website\"},\"primaryImageOfPage\":{\"@id\":\"https:\\\/\\\/langerit.fr\\\/index.php\\\/2019\\\/11\\\/20\\\/pourquoi-jai-choisi-le-bambou\\\/#primaryimage\"},\"image\":{\"@id\":\"https:\\\/\\\/langerit.fr\\\/index.php\\\/2019\\\/11\\\/20\\\/pourquoi-jai-choisi-le-bambou\\\/#primaryimage\"},\"thumbnailUrl\":\"https:\\\/\\\/www.langerit.fr\\\/wp-content\\\/uploads\\\/2019\\\/11\\\/F100008888-1-1024x683.jpg\",\"datePublished\":\"2019-11-20T13:08:11+00:00\",\"dateModified\":\"2024-09-03T09:40:33+00:00\",\"breadcrumb\":{\"@id\":\"https:\\\/\\\/langerit.fr\\\/index.php\\\/2019\\\/11\\\/20\\\/pourquoi-jai-choisi-le-bambou\\\/#breadcrumb\"},\"inLanguage\":\"fr-FR\",\"potentialAction\":[{\"@type\":\"ReadAction\",\"target\":[\"https:\\\/\\\/langerit.fr\\\/index.php\\\/2019\\\/11\\\/20\\\/pourquoi-jai-choisi-le-bambou\\\/\"]}]},{\"@type\":\"ImageObject\",\"inLanguage\":\"fr-FR\",\"@id\":\"https:\\\/\\\/langerit.fr\\\/index.php\\\/2019\\\/11\\\/20\\\/pourquoi-jai-choisi-le-bambou\\\/#primaryimage\",\"url\":\"https:\\\/\\\/www.langerit.fr\\\/wp-content\\\/uploads\\\/2019\\\/11\\\/F100008888-1-1024x683.jpg\",\"contentUrl\":\"https:\\\/\\\/www.langerit.fr\\\/wp-content\\\/uploads\\\/2019\\\/11\\\/F100008888-1-1024x683.jpg\"},{\"@type\":\"BreadcrumbList\",\"@id\":\"https:\\\/\\\/langerit.fr\\\/index.php\\\/2019\\\/11\\\/20\\\/pourquoi-jai-choisi-le-bambou\\\/#breadcrumb\",\"itemListElement\":[{\"@type\":\"ListItem\",\"position\":1,\"name\":\"Accueil\",\"item\":\"https:\\\/\\\/langerit.fr\\\/\"},{\"@type\":\"ListItem\",\"position\":2,\"name\":\"Pourquoi j&rsquo;ai choisi le bambou?\"}]},{\"@type\":\"WebSite\",\"@id\":\"https:\\\/\\\/langerit.fr\\\/#website\",\"url\":\"https:\\\/\\\/langerit.fr\\\/\",\"name\":\"L'Ange rit\",\"description\":\"Culottes Menstruelles Artisanales Fabriqu\u00e9es en France en Loir-et-Cher\",\"publisher\":{\"@id\":\"https:\\\/\\\/langerit.fr\\\/#organization\"},\"potentialAction\":[{\"@type\":\"SearchAction\",\"target\":{\"@type\":\"EntryPoint\",\"urlTemplate\":\"https:\\\/\\\/langerit.fr\\\/?s={search_term_string}\"},\"query-input\":{\"@type\":\"PropertyValueSpecification\",\"valueRequired\":true,\"valueName\":\"search_term_string\"}}],\"inLanguage\":\"fr-FR\"},{\"@type\":\"Organization\",\"@id\":\"https:\\\/\\\/langerit.fr\\\/#organization\",\"name\":\"L'Ange rit\",\"url\":\"https:\\\/\\\/langerit.fr\\\/\",\"logo\":{\"@type\":\"ImageObject\",\"inLanguage\":\"fr-FR\",\"@id\":\"https:\\\/\\\/langerit.fr\\\/#\\\/schema\\\/logo\\\/image\\\/\",\"url\":\"https:\\\/\\\/langerit.fr\\\/wp-content\\\/uploads\\\/2024\\\/07\\\/logo-definitif1.jpg\",\"contentUrl\":\"https:\\\/\\\/langerit.fr\\\/wp-content\\\/uploads\\\/2024\\\/07\\\/logo-definitif1.jpg\",\"width\":459,\"height\":433,\"caption\":\"L'Ange rit\"},\"image\":{\"@id\":\"https:\\\/\\\/langerit.fr\\\/#\\\/schema\\\/logo\\\/image\\\/\"},\"sameAs\":[\"https:\\\/\\\/facebook.com\\\/langerit.confort\\\/\",\"https:\\\/\\\/instagram.com\\\/langerit\\\/\"]},{\"@type\":\"Person\",\"@id\":\"https:\\\/\\\/langerit.fr\\\/#\\\/schema\\\/person\\\/11990c4561360ce5803dd232ffd86e71\",\"name\":\"L'Ange rit\",\"image\":{\"@type\":\"ImageObject\",\"inLanguage\":\"fr-FR\",\"@id\":\"https:\\\/\\\/secure.gravatar.com\\\/avatar\\\/7d4cd7482b3f4a4945b460f006d72fd3969c7e92f6d085ea779ef7d7bf3fddec?s=96&d=mm&r=g\",\"url\":\"https:\\\/\\\/secure.gravatar.com\\\/avatar\\\/7d4cd7482b3f4a4945b460f006d72fd3969c7e92f6d085ea779ef7d7bf3fddec?s=96&d=mm&r=g\",\"contentUrl\":\"https:\\\/\\\/secure.gravatar.com\\\/avatar\\\/7d4cd7482b3f4a4945b460f006d72fd3969c7e92f6d085ea779ef7d7bf3fddec?s=96&d=mm&r=g\",\"caption\":\"L'Ange rit\"},\"sameAs\":[\"https:\\\/\\\/langerit.fr\"],\"url\":\"https:\\\/\\\/langerit.fr\\\/index.php\\\/author\\\/admin5505\\\/\"}]}<\/script>\n<!-- \/ Yoast SEO plugin. -->","yoast_head_json":{"title":"Pourquoi j'ai choisi le bambou? - L&#039;Ange rit","robots":{"index":"index","follow":"follow","max-snippet":"max-snippet:-1","max-image-preview":"max-image-preview:large","max-video-preview":"max-video-preview:-1"},"canonical":"https:\/\/langerit.fr\/index.php\/2019\/11\/20\/pourquoi-jai-choisi-le-bambou\/","og_locale":"fr_FR","og_type":"article","og_title":"Pourquoi j'ai choisi le bambou? - L&#039;Ange rit","og_description":"Quand j\u2019ai commenc\u00e9 \u00e0 fabriquer des culottes pour les r\u00e8gles ou les fuites urinaires, j\u2019ai cherch\u00e9 pendant des mois un tissu, bio, doux et (tr\u00e8s) absorbant, \u00e0 partir d\u2019une fibre naturelle cultiv\u00e9e en Europe (pour ne pas restreindre \u00e0 la France), puis fil\u00e9e et tiss\u00e9e en Europe, avant d\u2019\u00eatre int\u00e9gr\u00e9e \u00e0 un v\u00eatement en France. [&hellip;]","og_url":"https:\/\/langerit.fr\/index.php\/2019\/11\/20\/pourquoi-jai-choisi-le-bambou\/","og_site_name":"L&#039;Ange rit","article_publisher":"https:\/\/facebook.com\/langerit.confort\/","article_published_time":"2019-11-20T13:08:11+00:00","article_modified_time":"2024-09-03T09:40:33+00:00","og_image":[{"url":"https:\/\/www.langerit.fr\/wp-content\/uploads\/2019\/11\/F100008888-1-1024x683.jpg","type":"","width":"","height":""}],"author":"L'Ange rit","twitter_card":"summary_large_image","twitter_misc":{"\u00c9crit par":"L'Ange rit","Dur\u00e9e de lecture estim\u00e9e":"4 minutes"},"schema":{"@context":"https:\/\/schema.org","@graph":[{"@type":"Article","@id":"https:\/\/langerit.fr\/index.php\/2019\/11\/20\/pourquoi-jai-choisi-le-bambou\/#article","isPartOf":{"@id":"https:\/\/langerit.fr\/index.php\/2019\/11\/20\/pourquoi-jai-choisi-le-bambou\/"},"author":{"name":"L'Ange rit","@id":"https:\/\/langerit.fr\/#\/schema\/person\/11990c4561360ce5803dd232ffd86e71"},"headline":"Pourquoi j&rsquo;ai choisi le bambou?","datePublished":"2019-11-20T13:08:11+00:00","dateModified":"2024-09-03T09:40:33+00:00","mainEntityOfPage":{"@id":"https:\/\/langerit.fr\/index.php\/2019\/11\/20\/pourquoi-jai-choisi-le-bambou\/"},"wordCount":831,"publisher":{"@id":"https:\/\/langerit.fr\/#organization"},"image":{"@id":"https:\/\/langerit.fr\/index.php\/2019\/11\/20\/pourquoi-jai-choisi-le-bambou\/#primaryimage"},"thumbnailUrl":"https:\/\/www.langerit.fr\/wp-content\/uploads\/2019\/11\/F100008888-1-1024x683.jpg","inLanguage":"fr-FR"},{"@type":"WebPage","@id":"https:\/\/langerit.fr\/index.php\/2019\/11\/20\/pourquoi-jai-choisi-le-bambou\/","url":"https:\/\/langerit.fr\/index.php\/2019\/11\/20\/pourquoi-jai-choisi-le-bambou\/","name":"Pourquoi j'ai choisi le bambou? - L&#039;Ange rit","isPartOf":{"@id":"https:\/\/langerit.fr\/#website"},"primaryImageOfPage":{"@id":"https:\/\/langerit.fr\/index.php\/2019\/11\/20\/pourquoi-jai-choisi-le-bambou\/#primaryimage"},"image":{"@id":"https:\/\/langerit.fr\/index.php\/2019\/11\/20\/pourquoi-jai-choisi-le-bambou\/#primaryimage"},"thumbnailUrl":"https:\/\/www.langerit.fr\/wp-content\/uploads\/2019\/11\/F100008888-1-1024x683.jpg","datePublished":"2019-11-20T13:08:11+00:00","dateModified":"2024-09-03T09:40:33+00:00","breadcrumb":{"@id":"https:\/\/langerit.fr\/index.php\/2019\/11\/20\/pourquoi-jai-choisi-le-bambou\/#breadcrumb"},"inLanguage":"fr-FR","potentialAction":[{"@type":"ReadAction","target":["https:\/\/langerit.fr\/index.php\/2019\/11\/20\/pourquoi-jai-choisi-le-bambou\/"]}]},{"@type":"ImageObject","inLanguage":"fr-FR","@id":"https:\/\/langerit.fr\/index.php\/2019\/11\/20\/pourquoi-jai-choisi-le-bambou\/#primaryimage","url":"https:\/\/www.langerit.fr\/wp-content\/uploads\/2019\/11\/F100008888-1-1024x683.jpg","contentUrl":"https:\/\/www.langerit.fr\/wp-content\/uploads\/2019\/11\/F100008888-1-1024x683.jpg"},{"@type":"BreadcrumbList","@id":"https:\/\/langerit.fr\/index.php\/2019\/11\/20\/pourquoi-jai-choisi-le-bambou\/#breadcrumb","itemListElement":[{"@type":"ListItem","position":1,"name":"Accueil","item":"https:\/\/langerit.fr\/"},{"@type":"ListItem","position":2,"name":"Pourquoi j&rsquo;ai choisi le bambou?"}]},{"@type":"WebSite","@id":"https:\/\/langerit.fr\/#website","url":"https:\/\/langerit.fr\/","name":"L'Ange rit","description":"Culottes Menstruelles Artisanales Fabriqu\u00e9es en France en Loir-et-Cher","publisher":{"@id":"https:\/\/langerit.fr\/#organization"},"potentialAction":[{"@type":"SearchAction","target":{"@type":"EntryPoint","urlTemplate":"https:\/\/langerit.fr\/?s={search_term_string}"},"query-input":{"@type":"PropertyValueSpecification","valueRequired":true,"valueName":"search_term_string"}}],"inLanguage":"fr-FR"},{"@type":"Organization","@id":"https:\/\/langerit.fr\/#organization","name":"L'Ange rit","url":"https:\/\/langerit.fr\/","logo":{"@type":"ImageObject","inLanguage":"fr-FR","@id":"https:\/\/langerit.fr\/#\/schema\/logo\/image\/","url":"https:\/\/langerit.fr\/wp-content\/uploads\/2024\/07\/logo-definitif1.jpg","contentUrl":"https:\/\/langerit.fr\/wp-content\/uploads\/2024\/07\/logo-definitif1.jpg","width":459,"height":433,"caption":"L'Ange rit"},"image":{"@id":"https:\/\/langerit.fr\/#\/schema\/logo\/image\/"},"sameAs":["https:\/\/facebook.com\/langerit.confort\/","https:\/\/instagram.com\/langerit\/"]},{"@type":"Person","@id":"https:\/\/langerit.fr\/#\/schema\/person\/11990c4561360ce5803dd232ffd86e71","name":"L'Ange rit","image":{"@type":"ImageObject","inLanguage":"fr-FR","@id":"https:\/\/secure.gravatar.com\/avatar\/7d4cd7482b3f4a4945b460f006d72fd3969c7e92f6d085ea779ef7d7bf3fddec?s=96&d=mm&r=g","url":"https:\/\/secure.gravatar.com\/avatar\/7d4cd7482b3f4a4945b460f006d72fd3969c7e92f6d085ea779ef7d7bf3fddec?s=96&d=mm&r=g","contentUrl":"https:\/\/secure.gravatar.com\/avatar\/7d4cd7482b3f4a4945b460f006d72fd3969c7e92f6d085ea779ef7d7bf3fddec?s=96&d=mm&r=g","caption":"L'Ange rit"},"sameAs":["https:\/\/langerit.fr"],"url":"https:\/\/langerit.fr\/index.php\/author\/admin5505\/"}]}},"_links":{"self":[{"href":"https:\/\/langerit.fr\/index.php\/wp-json\/wp\/v2\/posts\/5416","targetHints":{"allow":["GET"]}}],"collection":[{"href":"https:\/\/langerit.fr\/index.php\/wp-json\/wp\/v2\/posts"}],"about":[{"href":"https:\/\/langerit.fr\/index.php\/wp-json\/wp\/v2\/types\/post"}],"author":[{"embeddable":true,"href":"https:\/\/langerit.fr\/index.php\/wp-json\/wp\/v2\/users\/1"}],"replies":[{"embeddable":true,"href":"https:\/\/langerit.fr\/index.php\/wp-json\/wp\/v2\/comments?post=5416"}],"version-history":[{"count":1,"href":"https:\/\/langerit.fr\/index.php\/wp-json\/wp\/v2\/posts\/5416\/revisions"}],"predecessor-version":[{"id":6007,"href":"https:\/\/langerit.fr\/index.php\/wp-json\/wp\/v2\/posts\/5416\/revisions\/6007"}],"wp:attachment":[{"href":"https:\/\/langerit.fr\/index.php\/wp-json\/wp\/v2\/media?parent=5416"}],"wp:term":[{"taxonomy":"category","embeddable":true,"href":"https:\/\/langerit.fr\/index.php\/wp-json\/wp\/v2\/categories?post=5416"},{"taxonomy":"post_tag","embeddable":true,"href":"https:\/\/langerit.fr\/index.php\/wp-json\/wp\/v2\/tags?post=5416"}],"curies":[{"name":"wp","href":"https:\/\/api.w.org\/{rel}","templated":true}]}}